{"id":2139,"date":"2024-07-03T10:40:46","date_gmt":"2024-07-03T08:40:46","guid":{"rendered":"https:\/\/fugadosalcatraz.com\/?p=2139"},"modified":"2024-10-01T11:19:47","modified_gmt":"2024-10-01T09:19:47","slug":"obre-la-porta-a-lestiu-de-la-millor-manera-amb-els-fugados-de-alcatraz","status":"publish","type":"post","link":"https:\/\/fugadosalcatraz.com\/es\/obre-la-porta-a-lestiu-de-la-millor-manera-amb-els-fugados-de-alcatraz\/","title":{"rendered":"Obre la porta a l&#8217;estiu de la millor manera amb els Fugados De Alcatraz"},"content":{"rendered":"<h2 class=\"wp-block-heading\">SOM EL TEU GRUP MUSICAL DE FESTA MAJOR<\/h2>\n\n\n\n<p>Assistir a un concert del nostre <strong><a href=\"https:\/\/fugadosalcatraz.com\/es\/contractacions\/grup-versions-festa-major\/grup-de-versions-girona\/\">grup de festa major a Girona<\/a><\/strong> \u00e9s la millor manera de donar el tret de sortida a l&#8217;estiu. Si est\u00e0s buscant una atmosfera festiva i plena ritme i d&#8217;emoci\u00f3, has de con\u00e8ixer els Fugados de Alcatraz! Les festes majors s\u00f3n una oportunitat per reunir-se amb amics i fam\u00edlia en un ambient informal i festiu. La participaci\u00f3 activa del p\u00fablic, ballant i cantant junts, refor\u00e7a aquest sentiment de comunitat i celebraci\u00f3. Aquesta connexi\u00f3 social, tan t\u00edpica de les festes d\u2019estiu, crea una sensaci\u00f3 de col\u00b7lectivitat i alegria que augmenta la percepci\u00f3 de viure l\u2019estiu, fins i tot si el calendari encara no ha canviat.<\/p>\n\n\n\n<figure class=\"wp-block-image size-full\"><img loading=\"lazy\" decoding=\"async\" width=\"900\" height=\"600\" src=\"https:\/\/fugadosalcatraz.com\/wp-content\/uploads\/2024\/07\/grup-festa-major-Girona-3.jpg\" alt=\"actuaci\u00f3 Fugados de Alcatraz\" class=\"wp-image-2141\" srcset=\"https:\/\/fugadosalcatraz.com\/wp-content\/uploads\/2024\/07\/grup-festa-major-Girona-3.jpg 900w, https:\/\/fugadosalcatraz.com\/wp-content\/uploads\/2024\/07\/grup-festa-major-Girona-3-300x200.jpg 300w, https:\/\/fugadosalcatraz.com\/wp-content\/uploads\/2024\/07\/grup-festa-major-Girona-3-768x512.jpg 768w, https:\/\/fugadosalcatraz.com\/wp-content\/uploads\/2024\/07\/grup-festa-major-Girona-3-18x12.jpg 18w\" sizes=\"auto, (max-width: 900px) 100vw, 900px\" \/><\/figure>\n\n\n\n<p>Assistint als nostres experimentar\u00e0s aquesta sensaci\u00f3 m\u00e0gica que et far\u00e0 vibrar durant m\u00e9s de dues hores amb els millors hits musicals de la hist\u00f2ria. La m\u00fasica en viu, les llums brillants i la decoraci\u00f3 festiva creen un ambient alegre i din\u00e0mic i una atmosfera festiva, que es converteix en el primer ingredient per gaudir al m\u00e0xim de l&#8217;estiu i deixar enrrere les preocupacions i viure el moment present!<\/p>\n\n\n\n<figure class=\"wp-block-image size-full\"><img loading=\"lazy\" decoding=\"async\" width=\"900\" height=\"600\" src=\"https:\/\/fugadosalcatraz.com\/wp-content\/uploads\/2024\/07\/grup-festa-major-en-Girona-1-1.jpg\" alt=\"Fugados de Alcatraz i gent del p\u00fablic a l'escenari\" class=\"wp-image-2144\" srcset=\"https:\/\/fugadosalcatraz.com\/wp-content\/uploads\/2024\/07\/grup-festa-major-en-Girona-1-1.jpg 900w, https:\/\/fugadosalcatraz.com\/wp-content\/uploads\/2024\/07\/grup-festa-major-en-Girona-1-1-300x200.jpg 300w, https:\/\/fugadosalcatraz.com\/wp-content\/uploads\/2024\/07\/grup-festa-major-en-Girona-1-1-768x512.jpg 768w, https:\/\/fugadosalcatraz.com\/wp-content\/uploads\/2024\/07\/grup-festa-major-en-Girona-1-1-18x12.jpg 18w\" sizes=\"auto, (max-width: 900px) 100vw, 900px\" \/><\/figure>\n\n\n\n<h3 class=\"wp-block-heading\"><strong>Desinhibeix-te ballant al ritme de fugados de alcatraz!<\/strong><\/h3>\n\n\n\n<p>Les can\u00e7ons del nostre<strong> grup de festa major a Girona<\/strong> s\u00f3n temes cl\u00e0ssics i populars que han estat la banda sonora de les nostres celebracions passades. Els nostres concerts conviden a deixar-nos anar i a gaudir de l&#8217;instant amb plena llibertat. Ballar i cantar i connectar amb la m\u00fasica que ens agrada ens permeten experimentar una sensaci\u00f3 de libertat que \u00e9s caracter\u00edstica de les millors nits d\u2019estiu i que podr\u00e0s rememorar amb l&#8217;actuaci\u00f3 de Fugados de Alcatraz.<\/p>\n\n\n\n<figure class=\"wp-block-image size-full\"><img loading=\"lazy\" decoding=\"async\" width=\"900\" height=\"600\" src=\"https:\/\/fugadosalcatraz.com\/wp-content\/uploads\/2024\/04\/grup-de-versions-Barcelona.jpg\" alt=\"noies ballant al concert de Fugados de Alcatraz\" class=\"wp-image-1572\" srcset=\"https:\/\/fugadosalcatraz.com\/wp-content\/uploads\/2024\/04\/grup-de-versions-Barcelona.jpg 900w, https:\/\/fugadosalcatraz.com\/wp-content\/uploads\/2024\/04\/grup-de-versions-Barcelona-300x200.jpg 300w, https:\/\/fugadosalcatraz.com\/wp-content\/uploads\/2024\/04\/grup-de-versions-Barcelona-768x512.jpg 768w, https:\/\/fugadosalcatraz.com\/wp-content\/uploads\/2024\/04\/grup-de-versions-Barcelona-18x12.jpg 18w\" sizes=\"auto, (max-width: 900px) 100vw, 900px\" \/><\/figure>\n\n\n\n<p>Quan ens deixem portar per la m\u00fasica i la festa, no nom\u00e9s estem vivint una experi\u00e8ncia musical, sin\u00f3 que estem creant records que perduraran i que ens faran somriure cada vegada que escoltem aquelles can\u00e7ons que ens van marcar.<\/p>","protected":false},"excerpt":{"rendered":"<p>SOM EL TEU GRUP MUSICAL DE FESTA MAJOR Assistir a un concert del nostre grup de festa major a Girona&#8230;<\/p>","protected":false},"author":4,"featured_media":2140,"comment_status":"closed","ping_status":"closed","sticky":false,"template":"","format":"standard","meta":{"_kad_blocks_custom_css":"","_kad_blocks_head_custom_js":"","_kad_blocks_body_custom_js":"","_kad_blocks_footer_custom_js":"","_EventAllDay":false,"_EventTimezone":"","_EventStartDate":"","_EventEndDate":"","_EventStartDateUTC":"","_EventEndDateUTC":"","_EventShowMap":false,"_EventShowMapLink":false,"_EventURL":"","_EventCost":"","_EventCostDescription":"","_EventCurrencySymbol":"","_EventCurrencyCode":"","_EventCurrencyPosition":"","_EventDateTimeSeparator":"","_EventTimeRangeSeparator":"","_EventOrganizerID":[],"_EventVenueID":[],"_OrganizerEmail":"","_OrganizerPhone":"","_OrganizerWebsite":"","_VenueAddress":"","_VenueCity":"","_VenueCountry":"","_VenueProvince":"","_VenueState":"","_VenueZip":"","_VenuePhone":"","_VenueURL":"","_VenueStateProvince":"","_VenueLat":"","_VenueLng":"","_VenueShowMap":false,"_VenueShowMapLink":false,"_kad_post_transparent":"","_kad_post_title":"","_kad_post_layout":"","_kad_post_sidebar_id":"","_kad_post_content_style":"","_kad_post_vertical_padding":"","_kad_post_feature":"","_kad_post_feature_position":"","_kad_post_header":false,"_kad_post_footer":false,"_kad_post_classname":"","footnotes":""},"categories":[1],"tags":[],"class_list":["post-2139","post","type-post","status-publish","format-standard","has-post-thumbnail","hentry","category-noticias"],"yoast_head":"<!-- This site is optimized with the Yoast SEO plugin v27.2 - https:\/\/yoast.com\/product\/yoast-seo-wordpress\/ -->\n<title>Obre la porta a l&#039;estiu de la millor manera amb els Fugados De Alcatraz - Grupo de versiones<\/title>\n<meta name=\"robots\" content=\"index, follow, max-snippet:-1, max-image-preview:large, max-video-preview:-1\" \/>\n<link rel=\"canonical\" href=\"https:\/\/fugadosalcatraz.com\/es\/obre-la-porta-a-lestiu-de-la-millor-manera-amb-els-fugados-de-alcatraz\/\" \/>\n<meta property=\"og:locale\" content=\"es_ES\" \/>\n<meta property=\"og:type\" content=\"article\" \/>\n<meta property=\"og:title\" content=\"Obre la porta a l&#039;estiu de la millor manera amb els Fugados De Alcatraz - Grupo de versiones\" \/>\n<meta property=\"og:description\" content=\"SOM EL TEU GRUP MUSICAL DE FESTA MAJOR Assistir a un concert del nostre grup de festa major a Girona...\" \/>\n<meta property=\"og:url\" content=\"https:\/\/fugadosalcatraz.com\/es\/obre-la-porta-a-lestiu-de-la-millor-manera-amb-els-fugados-de-alcatraz\/\" \/>\n<meta property=\"og:site_name\" content=\"Grupo de versiones\" \/>\n<meta property=\"article:published_time\" content=\"2024-07-03T08:40:46+00:00\" \/>\n<meta property=\"article:modified_time\" content=\"2024-10-01T09:19:47+00:00\" \/>\n<meta property=\"og:image\" content=\"https:\/\/fugadosalcatraz.com\/wp-content\/uploads\/2024\/07\/grup-festa-major-Girona.jpg\" \/>\n\t<meta property=\"og:image:width\" content=\"900\" \/>\n\t<meta property=\"og:image:height\" content=\"600\" \/>\n\t<meta property=\"og:image:type\" content=\"image\/jpeg\" \/>\n<meta name=\"author\" content=\"Patri\" \/>\n<meta name=\"twitter:card\" content=\"summary_large_image\" \/>\n<meta name=\"twitter:label1\" content=\"Escrito por\" \/>\n\t<meta name=\"twitter:data1\" content=\"Patri\" \/>\n\t<meta name=\"twitter:label2\" content=\"Tiempo de lectura\" \/>\n\t<meta name=\"twitter:data2\" content=\"3 minutos\" \/>\n<script type=\"application\/ld+json\" class=\"yoast-schema-graph\">{\"@context\":\"https:\/\/schema.org\",\"@graph\":[{\"@type\":\"Article\",\"@id\":\"https:\/\/fugadosalcatraz.com\/obre-la-porta-a-lestiu-de-la-millor-manera-amb-els-fugados-de-alcatraz\/#article\",\"isPartOf\":{\"@id\":\"https:\/\/fugadosalcatraz.com\/obre-la-porta-a-lestiu-de-la-millor-manera-amb-els-fugados-de-alcatraz\/\"},\"author\":{\"name\":\"Patri\",\"@id\":\"https:\/\/fugadosalcatraz.com\/#\/schema\/person\/a5d5d7e45c2335d5bac023cf47687e2c\"},\"headline\":\"Obre la porta a l&#8217;estiu de la millor manera amb els Fugados De Alcatraz\",\"datePublished\":\"2024-07-03T08:40:46+00:00\",\"dateModified\":\"2024-10-01T09:19:47+00:00\",\"mainEntityOfPage\":{\"@id\":\"https:\/\/fugadosalcatraz.com\/obre-la-porta-a-lestiu-de-la-millor-manera-amb-els-fugados-de-alcatraz\/\"},\"wordCount\":357,\"publisher\":{\"@id\":\"https:\/\/fugadosalcatraz.com\/#organization\"},\"image\":{\"@id\":\"https:\/\/fugadosalcatraz.com\/obre-la-porta-a-lestiu-de-la-millor-manera-amb-els-fugados-de-alcatraz\/#primaryimage\"},\"thumbnailUrl\":\"https:\/\/fugadosalcatraz.com\/wp-content\/uploads\/2024\/07\/grup-festa-major-Girona.jpg\",\"articleSection\":[\"Noticias\"],\"inLanguage\":\"es\"},{\"@type\":\"WebPage\",\"@id\":\"https:\/\/fugadosalcatraz.com\/obre-la-porta-a-lestiu-de-la-millor-manera-amb-els-fugados-de-alcatraz\/\",\"url\":\"https:\/\/fugadosalcatraz.com\/obre-la-porta-a-lestiu-de-la-millor-manera-amb-els-fugados-de-alcatraz\/\",\"name\":\"Obre la porta a l'estiu de la millor manera amb els Fugados De Alcatraz - Grupo de versiones\",\"isPartOf\":{\"@id\":\"https:\/\/fugadosalcatraz.com\/#website\"},\"primaryImageOfPage\":{\"@id\":\"https:\/\/fugadosalcatraz.com\/obre-la-porta-a-lestiu-de-la-millor-manera-amb-els-fugados-de-alcatraz\/#primaryimage\"},\"image\":{\"@id\":\"https:\/\/fugadosalcatraz.com\/obre-la-porta-a-lestiu-de-la-millor-manera-amb-els-fugados-de-alcatraz\/#primaryimage\"},\"thumbnailUrl\":\"https:\/\/fugadosalcatraz.com\/wp-content\/uploads\/2024\/07\/grup-festa-major-Girona.jpg\",\"datePublished\":\"2024-07-03T08:40:46+00:00\",\"dateModified\":\"2024-10-01T09:19:47+00:00\",\"breadcrumb\":{\"@id\":\"https:\/\/fugadosalcatraz.com\/obre-la-porta-a-lestiu-de-la-millor-manera-amb-els-fugados-de-alcatraz\/#breadcrumb\"},\"inLanguage\":\"es\",\"potentialAction\":[{\"@type\":\"ReadAction\",\"target\":[\"https:\/\/fugadosalcatraz.com\/obre-la-porta-a-lestiu-de-la-millor-manera-amb-els-fugados-de-alcatraz\/\"]}]},{\"@type\":\"ImageObject\",\"inLanguage\":\"es\",\"@id\":\"https:\/\/fugadosalcatraz.com\/obre-la-porta-a-lestiu-de-la-millor-manera-amb-els-fugados-de-alcatraz\/#primaryimage\",\"url\":\"https:\/\/fugadosalcatraz.com\/wp-content\/uploads\/2024\/07\/grup-festa-major-Girona.jpg\",\"contentUrl\":\"https:\/\/fugadosalcatraz.com\/wp-content\/uploads\/2024\/07\/grup-festa-major-Girona.jpg\",\"width\":900,\"height\":600,\"caption\":\"concert\"},{\"@type\":\"BreadcrumbList\",\"@id\":\"https:\/\/fugadosalcatraz.com\/obre-la-porta-a-lestiu-de-la-millor-manera-amb-els-fugados-de-alcatraz\/#breadcrumb\",\"itemListElement\":[{\"@type\":\"ListItem\",\"position\":1,\"name\":\"Inici\",\"item\":\"https:\/\/fugadosalcatraz.com\/\"},{\"@type\":\"ListItem\",\"position\":2,\"name\":\"Obre la porta a l&#8217;estiu de la millor manera amb els Fugados De Alcatraz\"}]},{\"@type\":\"WebSite\",\"@id\":\"https:\/\/fugadosalcatraz.com\/#website\",\"url\":\"https:\/\/fugadosalcatraz.com\/\",\"name\":\"Grupo de versiones\",\"description\":\"Fugados de Alcatraz\",\"publisher\":{\"@id\":\"https:\/\/fugadosalcatraz.com\/#organization\"},\"potentialAction\":[{\"@type\":\"SearchAction\",\"target\":{\"@type\":\"EntryPoint\",\"urlTemplate\":\"https:\/\/fugadosalcatraz.com\/?s={search_term_string}\"},\"query-input\":{\"@type\":\"PropertyValueSpecification\",\"valueRequired\":true,\"valueName\":\"search_term_string\"}}],\"inLanguage\":\"es\"},{\"@type\":\"Organization\",\"@id\":\"https:\/\/fugadosalcatraz.com\/#organization\",\"name\":\"Grupo de versiones\",\"url\":\"https:\/\/fugadosalcatraz.com\/\",\"logo\":{\"@type\":\"ImageObject\",\"inLanguage\":\"es\",\"@id\":\"https:\/\/fugadosalcatraz.com\/#\/schema\/logo\/image\/\",\"url\":\"https:\/\/fugadosalcatraz.com\/wp-content\/uploads\/2024\/01\/FUGADOS-logo.png\",\"contentUrl\":\"https:\/\/fugadosalcatraz.com\/wp-content\/uploads\/2024\/01\/FUGADOS-logo.png\",\"width\":1200,\"height\":466,\"caption\":\"Grupo de versiones\"},\"image\":{\"@id\":\"https:\/\/fugadosalcatraz.com\/#\/schema\/logo\/image\/\"}},{\"@type\":\"Person\",\"@id\":\"https:\/\/fugadosalcatraz.com\/#\/schema\/person\/a5d5d7e45c2335d5bac023cf47687e2c\",\"name\":\"Patri\",\"url\":\"https:\/\/fugadosalcatraz.com\/es\/author\/patri\/\"}]}<\/script>\n<!-- \/ Yoast SEO plugin. -->","yoast_head_json":{"title":"Obre la porta a l'estiu de la millor manera amb els Fugados De Alcatraz - Grupo de versiones","robots":{"index":"index","follow":"follow","max-snippet":"max-snippet:-1","max-image-preview":"max-image-preview:large","max-video-preview":"max-video-preview:-1"},"canonical":"https:\/\/fugadosalcatraz.com\/es\/obre-la-porta-a-lestiu-de-la-millor-manera-amb-els-fugados-de-alcatraz\/","og_locale":"es_ES","og_type":"article","og_title":"Obre la porta a l'estiu de la millor manera amb els Fugados De Alcatraz - Grupo de versiones","og_description":"SOM EL TEU GRUP MUSICAL DE FESTA MAJOR Assistir a un concert del nostre grup de festa major a Girona...","og_url":"https:\/\/fugadosalcatraz.com\/es\/obre-la-porta-a-lestiu-de-la-millor-manera-amb-els-fugados-de-alcatraz\/","og_site_name":"Grupo de versiones","article_published_time":"2024-07-03T08:40:46+00:00","article_modified_time":"2024-10-01T09:19:47+00:00","og_image":[{"width":900,"height":600,"url":"https:\/\/fugadosalcatraz.com\/wp-content\/uploads\/2024\/07\/grup-festa-major-Girona.jpg","type":"image\/jpeg"}],"author":"Patri","twitter_card":"summary_large_image","twitter_misc":{"Escrito por":"Patri","Tiempo de lectura":"3 minutos"},"schema":{"@context":"https:\/\/schema.org","@graph":[{"@type":"Article","@id":"https:\/\/fugadosalcatraz.com\/obre-la-porta-a-lestiu-de-la-millor-manera-amb-els-fugados-de-alcatraz\/#article","isPartOf":{"@id":"https:\/\/fugadosalcatraz.com\/obre-la-porta-a-lestiu-de-la-millor-manera-amb-els-fugados-de-alcatraz\/"},"author":{"name":"Patri","@id":"https:\/\/fugadosalcatraz.com\/#\/schema\/person\/a5d5d7e45c2335d5bac023cf47687e2c"},"headline":"Obre la porta a l&#8217;estiu de la millor manera amb els Fugados De Alcatraz","datePublished":"2024-07-03T08:40:46+00:00","dateModified":"2024-10-01T09:19:47+00:00","mainEntityOfPage":{"@id":"https:\/\/fugadosalcatraz.com\/obre-la-porta-a-lestiu-de-la-millor-manera-amb-els-fugados-de-alcatraz\/"},"wordCount":357,"publisher":{"@id":"https:\/\/fugadosalcatraz.com\/#organization"},"image":{"@id":"https:\/\/fugadosalcatraz.com\/obre-la-porta-a-lestiu-de-la-millor-manera-amb-els-fugados-de-alcatraz\/#primaryimage"},"thumbnailUrl":"https:\/\/fugadosalcatraz.com\/wp-content\/uploads\/2024\/07\/grup-festa-major-Girona.jpg","articleSection":["Noticias"],"inLanguage":"es"},{"@type":"WebPage","@id":"https:\/\/fugadosalcatraz.com\/obre-la-porta-a-lestiu-de-la-millor-manera-amb-els-fugados-de-alcatraz\/","url":"https:\/\/fugadosalcatraz.com\/obre-la-porta-a-lestiu-de-la-millor-manera-amb-els-fugados-de-alcatraz\/","name":"Obre la porta a l'estiu de la millor manera amb els Fugados De Alcatraz - Grupo de versiones","isPartOf":{"@id":"https:\/\/fugadosalcatraz.com\/#website"},"primaryImageOfPage":{"@id":"https:\/\/fugadosalcatraz.com\/obre-la-porta-a-lestiu-de-la-millor-manera-amb-els-fugados-de-alcatraz\/#primaryimage"},"image":{"@id":"https:\/\/fugadosalcatraz.com\/obre-la-porta-a-lestiu-de-la-millor-manera-amb-els-fugados-de-alcatraz\/#primaryimage"},"thumbnailUrl":"https:\/\/fugadosalcatraz.com\/wp-content\/uploads\/2024\/07\/grup-festa-major-Girona.jpg","datePublished":"2024-07-03T08:40:46+00:00","dateModified":"2024-10-01T09:19:47+00:00","breadcrumb":{"@id":"https:\/\/fugadosalcatraz.com\/obre-la-porta-a-lestiu-de-la-millor-manera-amb-els-fugados-de-alcatraz\/#breadcrumb"},"inLanguage":"es","potentialAction":[{"@type":"ReadAction","target":["https:\/\/fugadosalcatraz.com\/obre-la-porta-a-lestiu-de-la-millor-manera-amb-els-fugados-de-alcatraz\/"]}]},{"@type":"ImageObject","inLanguage":"es","@id":"https:\/\/fugadosalcatraz.com\/obre-la-porta-a-lestiu-de-la-millor-manera-amb-els-fugados-de-alcatraz\/#primaryimage","url":"https:\/\/fugadosalcatraz.com\/wp-content\/uploads\/2024\/07\/grup-festa-major-Girona.jpg","contentUrl":"https:\/\/fugadosalcatraz.com\/wp-content\/uploads\/2024\/07\/grup-festa-major-Girona.jpg","width":900,"height":600,"caption":"concert"},{"@type":"BreadcrumbList","@id":"https:\/\/fugadosalcatraz.com\/obre-la-porta-a-lestiu-de-la-millor-manera-amb-els-fugados-de-alcatraz\/#breadcrumb","itemListElement":[{"@type":"ListItem","position":1,"name":"Inici","item":"https:\/\/fugadosalcatraz.com\/"},{"@type":"ListItem","position":2,"name":"Obre la porta a l&#8217;estiu de la millor manera amb els Fugados De Alcatraz"}]},{"@type":"WebSite","@id":"https:\/\/fugadosalcatraz.com\/#website","url":"https:\/\/fugadosalcatraz.com\/","name":"Grupo de versiones","description":"Fugados de Alcatraz","publisher":{"@id":"https:\/\/fugadosalcatraz.com\/#organization"},"potentialAction":[{"@type":"SearchAction","target":{"@type":"EntryPoint","urlTemplate":"https:\/\/fugadosalcatraz.com\/?s={search_term_string}"},"query-input":{"@type":"PropertyValueSpecification","valueRequired":true,"valueName":"search_term_string"}}],"inLanguage":"es"},{"@type":"Organization","@id":"https:\/\/fugadosalcatraz.com\/#organization","name":"Grupo de versiones","url":"https:\/\/fugadosalcatraz.com\/","logo":{"@type":"ImageObject","inLanguage":"es","@id":"https:\/\/fugadosalcatraz.com\/#\/schema\/logo\/image\/","url":"https:\/\/fugadosalcatraz.com\/wp-content\/uploads\/2024\/01\/FUGADOS-logo.png","contentUrl":"https:\/\/fugadosalcatraz.com\/wp-content\/uploads\/2024\/01\/FUGADOS-logo.png","width":1200,"height":466,"caption":"Grupo de versiones"},"image":{"@id":"https:\/\/fugadosalcatraz.com\/#\/schema\/logo\/image\/"}},{"@type":"Person","@id":"https:\/\/fugadosalcatraz.com\/#\/schema\/person\/a5d5d7e45c2335d5bac023cf47687e2c","name":"Patri","url":"https:\/\/fugadosalcatraz.com\/es\/author\/patri\/"}]}},"taxonomy_info":{"category":[{"value":1,"label":"Noticias"}]},"featured_image_src_large":["https:\/\/fugadosalcatraz.com\/wp-content\/uploads\/2024\/07\/grup-festa-major-Girona.jpg",900,600,false],"author_info":{"display_name":"Patri","author_link":"https:\/\/fugadosalcatraz.com\/es\/author\/patri\/"},"comment_info":0,"category_info":[{"term_id":1,"name":"Noticias","slug":"noticias","term_group":0,"term_taxonomy_id":1,"taxonomy":"category","description":"","parent":0,"count":31,"filter":"raw","cat_ID":1,"category_count":31,"category_description":"","cat_name":"Noticias","category_nicename":"noticias","category_parent":0}],"tag_info":false,"_links":{"self":[{"href":"https:\/\/fugadosalcatraz.com\/es\/wp-json\/wp\/v2\/posts\/2139","targetHints":{"allow":["GET"]}}],"collection":[{"href":"https:\/\/fugadosalcatraz.com\/es\/wp-json\/wp\/v2\/posts"}],"about":[{"href":"https:\/\/fugadosalcatraz.com\/es\/wp-json\/wp\/v2\/types\/post"}],"author":[{"embeddable":true,"href":"https:\/\/fugadosalcatraz.com\/es\/wp-json\/wp\/v2\/users\/4"}],"replies":[{"embeddable":true,"href":"https:\/\/fugadosalcatraz.com\/es\/wp-json\/wp\/v2\/comments?post=2139"}],"version-history":[{"count":2,"href":"https:\/\/fugadosalcatraz.com\/es\/wp-json\/wp\/v2\/posts\/2139\/revisions"}],"predecessor-version":[{"id":2243,"href":"https:\/\/fugadosalcatraz.com\/es\/wp-json\/wp\/v2\/posts\/2139\/revisions\/2243"}],"wp:featuredmedia":[{"embeddable":true,"href":"https:\/\/fugadosalcatraz.com\/es\/wp-json\/wp\/v2\/media\/2140"}],"wp:attachment":[{"href":"https:\/\/fugadosalcatraz.com\/es\/wp-json\/wp\/v2\/media?parent=2139"}],"wp:term":[{"taxonomy":"category","embeddable":true,"href":"https:\/\/fugadosalcatraz.com\/es\/wp-json\/wp\/v2\/categories?post=2139"},{"taxonomy":"post_tag","embeddable":true,"href":"https:\/\/fugadosalcatraz.com\/es\/wp-json\/wp\/v2\/tags?post=2139"}],"curies":[{"name":"wp","href":"https:\/\/api.w.org\/{rel}","templated":true}]}}