{"id":2115,"date":"2024-06-26T11:54:11","date_gmt":"2024-06-26T09:54:11","guid":{"rendered":"https:\/\/fugadosalcatraz.com\/?p=2115"},"modified":"2024-10-01T11:22:41","modified_gmt":"2024-10-01T09:22:41","slug":"recordant-la-nostra-actuacio-a-la-festa-major-de-macanet-de-la-selva","status":"publish","type":"post","link":"https:\/\/fugadosalcatraz.com\/es\/recordant-la-nostra-actuacio-a-la-festa-major-de-macanet-de-la-selva\/","title":{"rendered":"Recordant la nostra actuaci\u00f3 a la festa major de Ma\u00e7anet de la Selva"},"content":{"rendered":"<h2 class=\"wp-block-heading\">Banda sonora de fiestas populares y fiestas privadas <\/h2>\n\n\n\n<p>El pasado 12 de agosto del 2023, nuestro <strong><a href=\"https:\/\/fugadosalcatraz.com\/es\/contractacions\/grup-versions-festa-major\/grup-de-versions-girona\/\">grupo de versiones en Girona <\/a><\/strong>cautiv\u00f3 al p\u00fablico que estuvo presente en la fiesta mayor de Ma\u00e7anet de la Selva. Nuestra energ\u00eda contagiosa cre\u00f3 un ambiente festivo que permiti\u00f3 disfrutar al m\u00e1ximo de los mejores hits musicales de la historia. <\/p>\n\n\n\n<figure class=\"wp-block-image size-full\"><img loading=\"lazy\" decoding=\"async\" width=\"900\" height=\"600\" src=\"https:\/\/fugadosalcatraz.com\/wp-content\/uploads\/2024\/07\/grup-de-versions-Girona-1.jpg\" alt=\"\" class=\"wp-image-2118\" srcset=\"https:\/\/fugadosalcatraz.com\/wp-content\/uploads\/2024\/07\/grup-de-versions-Girona-1.jpg 900w, https:\/\/fugadosalcatraz.com\/wp-content\/uploads\/2024\/07\/grup-de-versions-Girona-1-300x200.jpg 300w, https:\/\/fugadosalcatraz.com\/wp-content\/uploads\/2024\/07\/grup-de-versions-Girona-1-768x512.jpg 768w, https:\/\/fugadosalcatraz.com\/wp-content\/uploads\/2024\/07\/grup-de-versions-Girona-1-18x12.jpg 18w\" sizes=\"auto, (max-width: 900px) 100vw, 900px\" \/><\/figure>\n\n\n\n<h2 class=\"wp-block-heading\">Actuando en el mismo escenario que DORIAN en Ma\u00e7anet de la Selva<\/h2>\n\n\n\n<p>Como destacado <strong>grupo de versiones en Girona<\/strong>, ofrecimos una actuaci\u00f3n memorable con mucho de feedback por parte del p\u00fablico. Durante este acontecimiento, tuvimos el honor de compartir el escenario con el reconocido grupo musical DORIAN, un grupo musical espa\u00f1ol reconocido por su estilo indie pop-rock y letras introspectivas. Formato en Barcelona el 2004, la banda ha ganado popularidad gracias a canciones emotivas como \u201cLa tormenta de arena\u201d y \u201cArde sobre mojado\u201d.<\/p>\n\n\n\n<figure class=\"wp-block-image size-full\"><img loading=\"lazy\" decoding=\"async\" width=\"900\" height=\"600\" src=\"https:\/\/fugadosalcatraz.com\/wp-content\/uploads\/2024\/07\/grup-de-versions-Girona.jpg\" alt=\"DORIAN\" class=\"wp-image-2116\" srcset=\"https:\/\/fugadosalcatraz.com\/wp-content\/uploads\/2024\/07\/grup-de-versions-Girona.jpg 900w, https:\/\/fugadosalcatraz.com\/wp-content\/uploads\/2024\/07\/grup-de-versions-Girona-300x200.jpg 300w, https:\/\/fugadosalcatraz.com\/wp-content\/uploads\/2024\/07\/grup-de-versions-Girona-768x512.jpg 768w, https:\/\/fugadosalcatraz.com\/wp-content\/uploads\/2024\/07\/grup-de-versions-Girona-18x12.jpg 18w\" sizes=\"auto, (max-width: 900px) 100vw, 900px\" \/><\/figure>\n\n\n\n<p>Con influencias que van desde el pop electr\u00f3nico hasta el rock alternativo, DORIAN ha cautivado audiencias con su sonido mel\u00f3dico y letras po\u00e9ticas que exploran temas como el amor, la nostalgia y la investigaci\u00f3n de identidad. Su presencia en escenarios importantes y festivales ha consolidado su posici\u00f3n como una de las bandas m\u00e1s emblem\u00e1ticas del panorama musical espa\u00f1ol contempor\u00e1neo y nuestro grupo de versiones a Girona ha tenido la suerte de compartir escenario con ellos.<\/p>\n\n\n\n<figure class=\"wp-block-image size-full\"><img loading=\"lazy\" decoding=\"async\" width=\"940\" height=\"788\" src=\"https:\/\/fugadosalcatraz.com\/wp-content\/uploads\/2024\/07\/grup-de-versions-musicals-2-1.jpg\" alt=\"Fugados de Alcatraz\" class=\"wp-image-2117\" srcset=\"https:\/\/fugadosalcatraz.com\/wp-content\/uploads\/2024\/07\/grup-de-versions-musicals-2-1.jpg 940w, https:\/\/fugadosalcatraz.com\/wp-content\/uploads\/2024\/07\/grup-de-versions-musicals-2-1-300x251.jpg 300w, https:\/\/fugadosalcatraz.com\/wp-content\/uploads\/2024\/07\/grup-de-versions-musicals-2-1-768x644.jpg 768w, https:\/\/fugadosalcatraz.com\/wp-content\/uploads\/2024\/07\/grup-de-versions-musicals-2-1-14x12.jpg 14w\" sizes=\"auto, (max-width: 940px) 100vw, 940px\" \/><\/figure>\n\n\n\n<h2 class=\"wp-block-heading\">Inspiraci\u00f3n y crecimiento al lado de grandes artistas<\/h2>\n\n\n\n<p>La presencia de los Fugados de Alcatraz al mismo escenario que actu\u00f3 DORIAN, nos ayuda a consolidarnos como<strong> grupo de versiones en Girona <\/strong>y tambi\u00e9n crecer junto a grandes artistas, de los cuales sdempre encontramos inspiraci\u00f3n para nuestras actuaciones. <\/p>","protected":false},"excerpt":{"rendered":"<p>Banda sonora de festes populars i festes privades El passat 12 d\u2019agost del 2023, el nostre grup de versions a&#8230;<\/p>","protected":false},"author":4,"featured_media":1596,"comment_status":"closed","ping_status":"closed","sticky":false,"template":"","format":"standard","meta":{"_kad_blocks_custom_css":"","_kad_blocks_head_custom_js":"","_kad_blocks_body_custom_js":"","_kad_blocks_footer_custom_js":"","_EventAllDay":false,"_EventTimezone":"","_EventStartDate":"","_EventEndDate":"","_EventStartDateUTC":"","_EventEndDateUTC":"","_EventShowMap":false,"_EventShowMapLink":false,"_EventURL":"","_EventCost":"","_EventCostDescription":"","_EventCurrencySymbol":"","_EventCurrencyCode":"","_EventCurrencyPosition":"","_EventDateTimeSeparator":"","_EventTimeRangeSeparator":"","_EventOrganizerID":[],"_EventVenueID":[],"_OrganizerEmail":"","_OrganizerPhone":"","_OrganizerWebsite":"","_VenueAddress":"","_VenueCity":"","_VenueCountry":"","_VenueProvince":"","_VenueState":"","_VenueZip":"","_VenuePhone":"","_VenueURL":"","_VenueStateProvince":"","_VenueLat":"","_VenueLng":"","_VenueShowMap":false,"_VenueShowMapLink":false,"_kad_post_transparent":"","_kad_post_title":"","_kad_post_layout":"","_kad_post_sidebar_id":"","_kad_post_content_style":"","_kad_post_vertical_padding":"","_kad_post_feature":"","_kad_post_feature_position":"","_kad_post_header":false,"_kad_post_footer":false,"_kad_post_classname":"","footnotes":""},"categories":[1],"tags":[12],"class_list":["post-2115","post","type-post","status-publish","format-standard","has-post-thumbnail","hentry","category-noticias","tag-grup-de-versions"],"yoast_head":"<!-- This site is optimized with the Yoast SEO plugin v27.2 - https:\/\/yoast.com\/product\/yoast-seo-wordpress\/ -->\n<title>Recordant la nostra actuaci\u00f3 a la festa major de Ma\u00e7anet de la Selva - Grupo de versiones<\/title>\n<meta name=\"robots\" content=\"index, follow, max-snippet:-1, max-image-preview:large, max-video-preview:-1\" \/>\n<link rel=\"canonical\" href=\"https:\/\/fugadosalcatraz.com\/es\/recordant-la-nostra-actuacio-a-la-festa-major-de-macanet-de-la-selva\/\" \/>\n<meta property=\"og:locale\" content=\"es_ES\" \/>\n<meta property=\"og:type\" content=\"article\" \/>\n<meta property=\"og:title\" content=\"Recordant la nostra actuaci\u00f3 a la festa major de Ma\u00e7anet de la Selva - Grupo de versiones\" \/>\n<meta property=\"og:description\" content=\"Banda sonora de festes populars i festes privades El passat 12 d\u2019agost del 2023, el nostre grup de versions a...\" \/>\n<meta property=\"og:url\" content=\"https:\/\/fugadosalcatraz.com\/es\/recordant-la-nostra-actuacio-a-la-festa-major-de-macanet-de-la-selva\/\" \/>\n<meta property=\"og:site_name\" content=\"Grupo de versiones\" \/>\n<meta property=\"article:published_time\" content=\"2024-06-26T09:54:11+00:00\" \/>\n<meta property=\"article:modified_time\" content=\"2024-10-01T09:22:41+00:00\" \/>\n<meta property=\"og:image\" content=\"https:\/\/fugadosalcatraz.com\/wp-content\/uploads\/2024\/04\/grup-musical-de-festes-majors-1.jpg\" \/>\n\t<meta property=\"og:image:width\" content=\"900\" \/>\n\t<meta property=\"og:image:height\" content=\"600\" \/>\n\t<meta property=\"og:image:type\" content=\"image\/jpeg\" \/>\n<meta name=\"author\" content=\"Patri\" \/>\n<meta name=\"twitter:card\" content=\"summary_large_image\" \/>\n<meta name=\"twitter:label1\" content=\"Escrito por\" \/>\n\t<meta name=\"twitter:data1\" content=\"Patri\" \/>\n\t<meta name=\"twitter:label2\" content=\"Tiempo de lectura\" \/>\n\t<meta name=\"twitter:data2\" content=\"3 minutos\" \/>\n<script type=\"application\/ld+json\" class=\"yoast-schema-graph\">{\"@context\":\"https:\/\/schema.org\",\"@graph\":[{\"@type\":\"Article\",\"@id\":\"https:\/\/fugadosalcatraz.com\/recordant-la-nostra-actuacio-a-la-festa-major-de-macanet-de-la-selva\/#article\",\"isPartOf\":{\"@id\":\"https:\/\/fugadosalcatraz.com\/recordant-la-nostra-actuacio-a-la-festa-major-de-macanet-de-la-selva\/\"},\"author\":{\"name\":\"Patri\",\"@id\":\"https:\/\/fugadosalcatraz.com\/#\/schema\/person\/a5d5d7e45c2335d5bac023cf47687e2c\"},\"headline\":\"Recordant la nostra actuaci\u00f3 a la festa major de Ma\u00e7anet de la Selva\",\"datePublished\":\"2024-06-26T09:54:11+00:00\",\"dateModified\":\"2024-10-01T09:22:41+00:00\",\"mainEntityOfPage\":{\"@id\":\"https:\/\/fugadosalcatraz.com\/recordant-la-nostra-actuacio-a-la-festa-major-de-macanet-de-la-selva\/\"},\"wordCount\":307,\"publisher\":{\"@id\":\"https:\/\/fugadosalcatraz.com\/#organization\"},\"image\":{\"@id\":\"https:\/\/fugadosalcatraz.com\/recordant-la-nostra-actuacio-a-la-festa-major-de-macanet-de-la-selva\/#primaryimage\"},\"thumbnailUrl\":\"https:\/\/fugadosalcatraz.com\/wp-content\/uploads\/2024\/04\/grup-musical-de-festes-majors-1.jpg\",\"keywords\":[\"grup de versions\"],\"articleSection\":[\"Noticias\"],\"inLanguage\":\"es\"},{\"@type\":\"WebPage\",\"@id\":\"https:\/\/fugadosalcatraz.com\/recordant-la-nostra-actuacio-a-la-festa-major-de-macanet-de-la-selva\/\",\"url\":\"https:\/\/fugadosalcatraz.com\/recordant-la-nostra-actuacio-a-la-festa-major-de-macanet-de-la-selva\/\",\"name\":\"Recordant la nostra actuaci\u00f3 a la festa major de Ma\u00e7anet de la Selva - Grupo de versiones\",\"isPartOf\":{\"@id\":\"https:\/\/fugadosalcatraz.com\/#website\"},\"primaryImageOfPage\":{\"@id\":\"https:\/\/fugadosalcatraz.com\/recordant-la-nostra-actuacio-a-la-festa-major-de-macanet-de-la-selva\/#primaryimage\"},\"image\":{\"@id\":\"https:\/\/fugadosalcatraz.com\/recordant-la-nostra-actuacio-a-la-festa-major-de-macanet-de-la-selva\/#primaryimage\"},\"thumbnailUrl\":\"https:\/\/fugadosalcatraz.com\/wp-content\/uploads\/2024\/04\/grup-musical-de-festes-majors-1.jpg\",\"datePublished\":\"2024-06-26T09:54:11+00:00\",\"dateModified\":\"2024-10-01T09:22:41+00:00\",\"breadcrumb\":{\"@id\":\"https:\/\/fugadosalcatraz.com\/recordant-la-nostra-actuacio-a-la-festa-major-de-macanet-de-la-selva\/#breadcrumb\"},\"inLanguage\":\"es\",\"potentialAction\":[{\"@type\":\"ReadAction\",\"target\":[\"https:\/\/fugadosalcatraz.com\/recordant-la-nostra-actuacio-a-la-festa-major-de-macanet-de-la-selva\/\"]}]},{\"@type\":\"ImageObject\",\"inLanguage\":\"es\",\"@id\":\"https:\/\/fugadosalcatraz.com\/recordant-la-nostra-actuacio-a-la-festa-major-de-macanet-de-la-selva\/#primaryimage\",\"url\":\"https:\/\/fugadosalcatraz.com\/wp-content\/uploads\/2024\/04\/grup-musical-de-festes-majors-1.jpg\",\"contentUrl\":\"https:\/\/fugadosalcatraz.com\/wp-content\/uploads\/2024\/04\/grup-musical-de-festes-majors-1.jpg\",\"width\":900,\"height\":600,\"caption\":\"actuaci\u00f3 Fugados de Alcatraz\"},{\"@type\":\"BreadcrumbList\",\"@id\":\"https:\/\/fugadosalcatraz.com\/recordant-la-nostra-actuacio-a-la-festa-major-de-macanet-de-la-selva\/#breadcrumb\",\"itemListElement\":[{\"@type\":\"ListItem\",\"position\":1,\"name\":\"Inici\",\"item\":\"https:\/\/fugadosalcatraz.com\/\"},{\"@type\":\"ListItem\",\"position\":2,\"name\":\"Recordant la nostra actuaci\u00f3 a la festa major de Ma\u00e7anet de la Selva\"}]},{\"@type\":\"WebSite\",\"@id\":\"https:\/\/fugadosalcatraz.com\/#website\",\"url\":\"https:\/\/fugadosalcatraz.com\/\",\"name\":\"Grupo de versiones\",\"description\":\"Fugados de Alcatraz\",\"publisher\":{\"@id\":\"https:\/\/fugadosalcatraz.com\/#organization\"},\"potentialAction\":[{\"@type\":\"SearchAction\",\"target\":{\"@type\":\"EntryPoint\",\"urlTemplate\":\"https:\/\/fugadosalcatraz.com\/?s={search_term_string}\"},\"query-input\":{\"@type\":\"PropertyValueSpecification\",\"valueRequired\":true,\"valueName\":\"search_term_string\"}}],\"inLanguage\":\"es\"},{\"@type\":\"Organization\",\"@id\":\"https:\/\/fugadosalcatraz.com\/#organization\",\"name\":\"Grupo de versiones\",\"url\":\"https:\/\/fugadosalcatraz.com\/\",\"logo\":{\"@type\":\"ImageObject\",\"inLanguage\":\"es\",\"@id\":\"https:\/\/fugadosalcatraz.com\/#\/schema\/logo\/image\/\",\"url\":\"https:\/\/fugadosalcatraz.com\/wp-content\/uploads\/2024\/01\/FUGADOS-logo.png\",\"contentUrl\":\"https:\/\/fugadosalcatraz.com\/wp-content\/uploads\/2024\/01\/FUGADOS-logo.png\",\"width\":1200,\"height\":466,\"caption\":\"Grupo de versiones\"},\"image\":{\"@id\":\"https:\/\/fugadosalcatraz.com\/#\/schema\/logo\/image\/\"}},{\"@type\":\"Person\",\"@id\":\"https:\/\/fugadosalcatraz.com\/#\/schema\/person\/a5d5d7e45c2335d5bac023cf47687e2c\",\"name\":\"Patri\",\"url\":\"https:\/\/fugadosalcatraz.com\/es\/author\/patri\/\"}]}<\/script>\n<!-- \/ Yoast SEO plugin. -->","yoast_head_json":{"title":"Recordant la nostra actuaci\u00f3 a la festa major de Ma\u00e7anet de la Selva - Grupo de versiones","robots":{"index":"index","follow":"follow","max-snippet":"max-snippet:-1","max-image-preview":"max-image-preview:large","max-video-preview":"max-video-preview:-1"},"canonical":"https:\/\/fugadosalcatraz.com\/es\/recordant-la-nostra-actuacio-a-la-festa-major-de-macanet-de-la-selva\/","og_locale":"es_ES","og_type":"article","og_title":"Recordant la nostra actuaci\u00f3 a la festa major de Ma\u00e7anet de la Selva - Grupo de versiones","og_description":"Banda sonora de festes populars i festes privades El passat 12 d\u2019agost del 2023, el nostre grup de versions a...","og_url":"https:\/\/fugadosalcatraz.com\/es\/recordant-la-nostra-actuacio-a-la-festa-major-de-macanet-de-la-selva\/","og_site_name":"Grupo de versiones","article_published_time":"2024-06-26T09:54:11+00:00","article_modified_time":"2024-10-01T09:22:41+00:00","og_image":[{"width":900,"height":600,"url":"https:\/\/fugadosalcatraz.com\/wp-content\/uploads\/2024\/04\/grup-musical-de-festes-majors-1.jpg","type":"image\/jpeg"}],"author":"Patri","twitter_card":"summary_large_image","twitter_misc":{"Escrito por":"Patri","Tiempo de lectura":"3 minutos"},"schema":{"@context":"https:\/\/schema.org","@graph":[{"@type":"Article","@id":"https:\/\/fugadosalcatraz.com\/recordant-la-nostra-actuacio-a-la-festa-major-de-macanet-de-la-selva\/#article","isPartOf":{"@id":"https:\/\/fugadosalcatraz.com\/recordant-la-nostra-actuacio-a-la-festa-major-de-macanet-de-la-selva\/"},"author":{"name":"Patri","@id":"https:\/\/fugadosalcatraz.com\/#\/schema\/person\/a5d5d7e45c2335d5bac023cf47687e2c"},"headline":"Recordant la nostra actuaci\u00f3 a la festa major de Ma\u00e7anet de la Selva","datePublished":"2024-06-26T09:54:11+00:00","dateModified":"2024-10-01T09:22:41+00:00","mainEntityOfPage":{"@id":"https:\/\/fugadosalcatraz.com\/recordant-la-nostra-actuacio-a-la-festa-major-de-macanet-de-la-selva\/"},"wordCount":307,"publisher":{"@id":"https:\/\/fugadosalcatraz.com\/#organization"},"image":{"@id":"https:\/\/fugadosalcatraz.com\/recordant-la-nostra-actuacio-a-la-festa-major-de-macanet-de-la-selva\/#primaryimage"},"thumbnailUrl":"https:\/\/fugadosalcatraz.com\/wp-content\/uploads\/2024\/04\/grup-musical-de-festes-majors-1.jpg","keywords":["grup de versions"],"articleSection":["Noticias"],"inLanguage":"es"},{"@type":"WebPage","@id":"https:\/\/fugadosalcatraz.com\/recordant-la-nostra-actuacio-a-la-festa-major-de-macanet-de-la-selva\/","url":"https:\/\/fugadosalcatraz.com\/recordant-la-nostra-actuacio-a-la-festa-major-de-macanet-de-la-selva\/","name":"Recordant la nostra actuaci\u00f3 a la festa major de Ma\u00e7anet de la Selva - Grupo de versiones","isPartOf":{"@id":"https:\/\/fugadosalcatraz.com\/#website"},"primaryImageOfPage":{"@id":"https:\/\/fugadosalcatraz.com\/recordant-la-nostra-actuacio-a-la-festa-major-de-macanet-de-la-selva\/#primaryimage"},"image":{"@id":"https:\/\/fugadosalcatraz.com\/recordant-la-nostra-actuacio-a-la-festa-major-de-macanet-de-la-selva\/#primaryimage"},"thumbnailUrl":"https:\/\/fugadosalcatraz.com\/wp-content\/uploads\/2024\/04\/grup-musical-de-festes-majors-1.jpg","datePublished":"2024-06-26T09:54:11+00:00","dateModified":"2024-10-01T09:22:41+00:00","breadcrumb":{"@id":"https:\/\/fugadosalcatraz.com\/recordant-la-nostra-actuacio-a-la-festa-major-de-macanet-de-la-selva\/#breadcrumb"},"inLanguage":"es","potentialAction":[{"@type":"ReadAction","target":["https:\/\/fugadosalcatraz.com\/recordant-la-nostra-actuacio-a-la-festa-major-de-macanet-de-la-selva\/"]}]},{"@type":"ImageObject","inLanguage":"es","@id":"https:\/\/fugadosalcatraz.com\/recordant-la-nostra-actuacio-a-la-festa-major-de-macanet-de-la-selva\/#primaryimage","url":"https:\/\/fugadosalcatraz.com\/wp-content\/uploads\/2024\/04\/grup-musical-de-festes-majors-1.jpg","contentUrl":"https:\/\/fugadosalcatraz.com\/wp-content\/uploads\/2024\/04\/grup-musical-de-festes-majors-1.jpg","width":900,"height":600,"caption":"actuaci\u00f3 Fugados de Alcatraz"},{"@type":"BreadcrumbList","@id":"https:\/\/fugadosalcatraz.com\/recordant-la-nostra-actuacio-a-la-festa-major-de-macanet-de-la-selva\/#breadcrumb","itemListElement":[{"@type":"ListItem","position":1,"name":"Inici","item":"https:\/\/fugadosalcatraz.com\/"},{"@type":"ListItem","position":2,"name":"Recordant la nostra actuaci\u00f3 a la festa major de Ma\u00e7anet de la Selva"}]},{"@type":"WebSite","@id":"https:\/\/fugadosalcatraz.com\/#website","url":"https:\/\/fugadosalcatraz.com\/","name":"Grupo de versiones","description":"Fugados de Alcatraz","publisher":{"@id":"https:\/\/fugadosalcatraz.com\/#organization"},"potentialAction":[{"@type":"SearchAction","target":{"@type":"EntryPoint","urlTemplate":"https:\/\/fugadosalcatraz.com\/?s={search_term_string}"},"query-input":{"@type":"PropertyValueSpecification","valueRequired":true,"valueName":"search_term_string"}}],"inLanguage":"es"},{"@type":"Organization","@id":"https:\/\/fugadosalcatraz.com\/#organization","name":"Grupo de versiones","url":"https:\/\/fugadosalcatraz.com\/","logo":{"@type":"ImageObject","inLanguage":"es","@id":"https:\/\/fugadosalcatraz.com\/#\/schema\/logo\/image\/","url":"https:\/\/fugadosalcatraz.com\/wp-content\/uploads\/2024\/01\/FUGADOS-logo.png","contentUrl":"https:\/\/fugadosalcatraz.com\/wp-content\/uploads\/2024\/01\/FUGADOS-logo.png","width":1200,"height":466,"caption":"Grupo de versiones"},"image":{"@id":"https:\/\/fugadosalcatraz.com\/#\/schema\/logo\/image\/"}},{"@type":"Person","@id":"https:\/\/fugadosalcatraz.com\/#\/schema\/person\/a5d5d7e45c2335d5bac023cf47687e2c","name":"Patri","url":"https:\/\/fugadosalcatraz.com\/es\/author\/patri\/"}]}},"taxonomy_info":{"category":[{"value":1,"label":"Noticias"}],"post_tag":[{"value":12,"label":"grup de versions"}]},"featured_image_src_large":["https:\/\/fugadosalcatraz.com\/wp-content\/uploads\/2024\/04\/grup-musical-de-festes-majors-1.jpg",900,600,false],"author_info":{"display_name":"Patri","author_link":"https:\/\/fugadosalcatraz.com\/es\/author\/patri\/"},"comment_info":0,"category_info":[{"term_id":1,"name":"Noticias","slug":"noticias","term_group":0,"term_taxonomy_id":1,"taxonomy":"category","description":"","parent":0,"count":31,"filter":"raw","cat_ID":1,"category_count":31,"category_description":"","cat_name":"Noticias","category_nicename":"noticias","category_parent":0}],"tag_info":[{"term_id":12,"name":"grup de versions","slug":"grup-de-versions","term_group":0,"term_taxonomy_id":12,"taxonomy":"post_tag","description":"","parent":0,"count":8,"filter":"raw"}],"_links":{"self":[{"href":"https:\/\/fugadosalcatraz.com\/es\/wp-json\/wp\/v2\/posts\/2115","targetHints":{"allow":["GET"]}}],"collection":[{"href":"https:\/\/fugadosalcatraz.com\/es\/wp-json\/wp\/v2\/posts"}],"about":[{"href":"https:\/\/fugadosalcatraz.com\/es\/wp-json\/wp\/v2\/types\/post"}],"author":[{"embeddable":true,"href":"https:\/\/fugadosalcatraz.com\/es\/wp-json\/wp\/v2\/users\/4"}],"replies":[{"embeddable":true,"href":"https:\/\/fugadosalcatraz.com\/es\/wp-json\/wp\/v2\/comments?post=2115"}],"version-history":[{"count":2,"href":"https:\/\/fugadosalcatraz.com\/es\/wp-json\/wp\/v2\/posts\/2115\/revisions"}],"predecessor-version":[{"id":2248,"href":"https:\/\/fugadosalcatraz.com\/es\/wp-json\/wp\/v2\/posts\/2115\/revisions\/2248"}],"wp:featuredmedia":[{"embeddable":true,"href":"https:\/\/fugadosalcatraz.com\/es\/wp-json\/wp\/v2\/media\/1596"}],"wp:attachment":[{"href":"https:\/\/fugadosalcatraz.com\/es\/wp-json\/wp\/v2\/media?parent=2115"}],"wp:term":[{"taxonomy":"category","embeddable":true,"href":"https:\/\/fugadosalcatraz.com\/es\/wp-json\/wp\/v2\/categories?post=2115"},{"taxonomy":"post_tag","embeddable":true,"href":"https:\/\/fugadosalcatraz.com\/es\/wp-json\/wp\/v2\/tags?post=2115"}],"curies":[{"name":"wp","href":"https:\/\/api.w.org\/{rel}","templated":true}]}}