{"id":2107,"date":"2024-07-01T11:40:26","date_gmt":"2024-07-01T09:40:26","guid":{"rendered":"https:\/\/fugadosalcatraz.com\/?p=2107"},"modified":"2024-10-01T11:23:37","modified_gmt":"2024-10-01T09:23:37","slug":"fugados-de-alcatraz-un-grup-de-versions-musicals-amb-cor","status":"publish","type":"post","link":"https:\/\/fugadosalcatraz.com\/es\/fugados-de-alcatraz-un-grup-de-versions-musicals-amb-cor\/","title":{"rendered":"Fugados de Alcatraz: un drup de versions musicals amb cor"},"content":{"rendered":"<h2 class=\"wp-block-heading\">Creando m\u00fasica con prop\u00f3sito; la canci\u00f3n \"AIRE\"<\/h2>\n\n\n\n<p>Fugados de Alcatraz no es s\u00f3lo un <strong><a href=\"https:\/\/fugadosalcatraz.com\/es\/contractacions\/grup-versions-festa-major\/grup-musicals-per-a-festes\/\">grupo de versiones musicales<\/a><\/strong>; es una banda con alma y compromiso. Un ejemplo destacado de esta dedicaci\u00f3n es la composici\u00f3n y grabaci\u00f3n de la canci\u00f3n oficial del Hospital Vall de Hebr\u00f3n de Barcelona (Instituto de Investigaci\u00f3n), denominada \u201cAIRE\u201d. Esta pieza musical fue creada conjuntamente con el Maestro Pedro Pardo, conocido por su participaci\u00f3n en TV3 y simboliz\u00f3 una colaboraci\u00f3n muy especial que dio lugar a una canci\u00f3n excepcional.<\/p>\n\n\n\n<figure class=\"wp-block-image size-full\"><img loading=\"lazy\" decoding=\"async\" width=\"940\" height=\"788\" src=\"https:\/\/fugadosalcatraz.com\/wp-content\/uploads\/2024\/07\/grup-de-versions-musicals.jpg\" alt=\"actuaci\u00f3 Pavell\u00f3 Ol\u00edmpic de Fugados de Alcatraz\" class=\"wp-image-2108\" srcset=\"https:\/\/fugadosalcatraz.com\/wp-content\/uploads\/2024\/07\/grup-de-versions-musicals.jpg 940w, https:\/\/fugadosalcatraz.com\/wp-content\/uploads\/2024\/07\/grup-de-versions-musicals-300x251.jpg 300w, https:\/\/fugadosalcatraz.com\/wp-content\/uploads\/2024\/07\/grup-de-versions-musicals-768x644.jpg 768w, https:\/\/fugadosalcatraz.com\/wp-content\/uploads\/2024\/07\/grup-de-versions-musicals-14x12.jpg 14w\" sizes=\"auto, (max-width: 940px) 100vw, 940px\" \/><\/figure>\n\n\n\n<p>\u201cAIRE\u201d simboliza la esperanza y la resiliencia, calidades que son esenciales para los pacientes y el personal m\u00e9dico del Hospital Vall de Hebr\u00f3n. La canci\u00f3n se ha convertido en un himno que une la comunidad del hospital, proporcionando fuerza y consuelo en momentos dif\u00edciles, puesto que tambi\u00e9n lleva un mensaje profundo e inspirador. Fugados de Alcatraz ha demostrado que la m\u00fasica puede tener un impacto profundo en las vidas de las personas, yendo m\u00e1s all\u00e1 del simple entretenimiento para convertirse en una herramienta de cambio e inspiraci\u00f3n.<\/p>\n\n\n\n<figure class=\"wp-block-image size-full\"><img loading=\"lazy\" decoding=\"async\" width=\"940\" height=\"788\" src=\"https:\/\/fugadosalcatraz.com\/wp-content\/uploads\/2024\/07\/grup-de-versions-musicals-1.jpg\" alt=\"cantante Fugados de Alcatraz\" class=\"wp-image-2110\" srcset=\"https:\/\/fugadosalcatraz.com\/wp-content\/uploads\/2024\/07\/grup-de-versions-musicals-1.jpg 940w, https:\/\/fugadosalcatraz.com\/wp-content\/uploads\/2024\/07\/grup-de-versions-musicals-1-300x251.jpg 300w, https:\/\/fugadosalcatraz.com\/wp-content\/uploads\/2024\/07\/grup-de-versions-musicals-1-768x644.jpg 768w, https:\/\/fugadosalcatraz.com\/wp-content\/uploads\/2024\/07\/grup-de-versions-musicals-1-14x12.jpg 14w\" sizes=\"auto, (max-width: 940px) 100vw, 940px\" \/><\/figure>\n\n\n\n<h2 class=\"wp-block-heading\">Una actuaci\u00f3n solidaria para recordar<\/h2>\n\n\n\n<p>El compromiso de nuestro <strong>grupo de versiones<\/strong> <strong>musicales <\/strong>con las causas ben\u00e9ficas est\u00e1 claro y por eso participamos en la creaci\u00f3n de \u201cAIRE\u201d. Nuestra banda tambi\u00e9n particip\u00f3 en una actuaci\u00f3n solidaria al Pabell\u00f3n Ol\u00edmpico de Barcelona, un acontecimiento que reuni\u00f3 una gran cantidad de personas con el objetivo de recaudar fondo y concienciar sobre varias causas sociales. Este concierto fue un \u00e9xito rotundo, demostrando una vez m\u00e1s la capacidad de los Fugados de Alcatraz para conectar con el p\u00fablico y utilizar su m\u00fasica para el bien com\u00fan.<\/p>\n\n\n\n<figure class=\"wp-block-embed is-type-video is-provider-youtube wp-block-embed-youtube wp-embed-aspect-16-9 wp-has-aspect-ratio\"><div class=\"wp-block-embed__wrapper\">\n<iframe loading=\"lazy\" title=\"AIRE, la can\u00e7\u00f3 del VHIR\" width=\"720\" height=\"405\" src=\"https:\/\/www.youtube.com\/embed\/jKK5AfZD_u8?feature=oembed\" frameborder=\"0\" allow=\"accelerometer; autoplay; clipboard-write; encrypted-media; gyroscope; picture-in-picture; web-share\" referrerpolicy=\"strict-origin-when-cross-origin\" allowfullscreen><\/iframe>\n<\/div><\/figure>\n\n\n\n<h2 class=\"wp-block-heading\">Fugados de Alcatraz; un grupo de versiones musicales con valores<\/h2>\n\n\n\n<p>Como <strong>grupo de versiones musicales<\/strong>, tenemos un repertorio amplio y variado que alcanza desde cl\u00e1sicos atemporales hasta los \u00e9xitos m\u00e1s recientes. Nuestra versatilidad los permite adaptarse a cualquier tipo de acontecimiento, garantizando siempre una actuaci\u00f3n llena de energ\u00eda y emoci\u00f3n. Con cada actuaci\u00f3n, demuestramos que la m\u00fasica tiene el poder de transformar vidas y unir la gente para causas nobles.<\/p>","protected":false},"excerpt":{"rendered":"<p>Creant m\u00fasica amb un prop\u00f2sit: la can\u00e7\u00f3 &#8220;AIRE&#8221; Fugados de Alcatraz no \u00e9s nom\u00e9s un grup de versions musicals; \u00e9s&#8230;<\/p>","protected":false},"author":4,"featured_media":2108,"comment_status":"closed","ping_status":"closed","sticky":false,"template":"","format":"standard","meta":{"_kad_blocks_custom_css":"","_kad_blocks_head_custom_js":"","_kad_blocks_body_custom_js":"","_kad_blocks_footer_custom_js":"","_EventAllDay":false,"_EventTimezone":"","_EventStartDate":"","_EventEndDate":"","_EventStartDateUTC":"","_EventEndDateUTC":"","_EventShowMap":false,"_EventShowMapLink":false,"_EventURL":"","_EventCost":"","_EventCostDescription":"","_EventCurrencySymbol":"","_EventCurrencyCode":"","_EventCurrencyPosition":"","_EventDateTimeSeparator":"","_EventTimeRangeSeparator":"","_EventOrganizerID":[],"_EventVenueID":[],"_OrganizerEmail":"","_OrganizerPhone":"","_OrganizerWebsite":"","_VenueAddress":"","_VenueCity":"","_VenueCountry":"","_VenueProvince":"","_VenueState":"","_VenueZip":"","_VenuePhone":"","_VenueURL":"","_VenueStateProvince":"","_VenueLat":"","_VenueLng":"","_VenueShowMap":false,"_VenueShowMapLink":false,"_kad_post_transparent":"","_kad_post_title":"","_kad_post_layout":"","_kad_post_sidebar_id":"","_kad_post_content_style":"","_kad_post_vertical_padding":"","_kad_post_feature":"","_kad_post_feature_position":"","_kad_post_header":false,"_kad_post_footer":false,"_kad_post_classname":"","footnotes":""},"categories":[1],"tags":[],"class_list":["post-2107","post","type-post","status-publish","format-standard","has-post-thumbnail","hentry","category-noticias"],"yoast_head":"<!-- This site is optimized with the Yoast SEO plugin v27.2 - https:\/\/yoast.com\/product\/yoast-seo-wordpress\/ -->\n<title>Fugados de Alcatraz: un drup de versions musicals amb cor - Grupo de versiones<\/title>\n<meta name=\"description\" content=\"&quot;AIRE&quot;, la can\u00e7\u00f3 oficial de l\u2019Hospital Vall d\u2019Hebr\u00f3n de Barcelona, simbolitzant esperan\u00e7a i resili\u00e8ncia per a la comunitat hospital\u00e0ria\" \/>\n<meta name=\"robots\" content=\"index, follow, max-snippet:-1, max-image-preview:large, max-video-preview:-1\" \/>\n<link rel=\"canonical\" href=\"https:\/\/fugadosalcatraz.com\/es\/fugados-de-alcatraz-un-grup-de-versions-musicals-amb-cor\/\" \/>\n<meta property=\"og:locale\" content=\"es_ES\" \/>\n<meta property=\"og:type\" content=\"article\" \/>\n<meta property=\"og:title\" content=\"Fugados de Alcatraz: un drup de versions musicals amb cor - Grupo de versiones\" \/>\n<meta property=\"og:description\" content=\"&quot;AIRE&quot;, la can\u00e7\u00f3 oficial de l\u2019Hospital Vall d\u2019Hebr\u00f3n de Barcelona, simbolitzant esperan\u00e7a i resili\u00e8ncia per a la comunitat hospital\u00e0ria\" \/>\n<meta property=\"og:url\" content=\"https:\/\/fugadosalcatraz.com\/es\/fugados-de-alcatraz-un-grup-de-versions-musicals-amb-cor\/\" \/>\n<meta property=\"og:site_name\" content=\"Grupo de versiones\" \/>\n<meta property=\"article:published_time\" content=\"2024-07-01T09:40:26+00:00\" \/>\n<meta property=\"article:modified_time\" content=\"2024-10-01T09:23:37+00:00\" \/>\n<meta property=\"og:image\" content=\"https:\/\/fugadosalcatraz.com\/wp-content\/uploads\/2024\/07\/grup-de-versions-musicals.jpg\" \/>\n\t<meta property=\"og:image:width\" content=\"940\" \/>\n\t<meta property=\"og:image:height\" content=\"788\" \/>\n\t<meta property=\"og:image:type\" content=\"image\/jpeg\" \/>\n<meta name=\"author\" content=\"Patri\" \/>\n<meta name=\"twitter:card\" content=\"summary_large_image\" \/>\n<meta name=\"twitter:label1\" content=\"Escrito por\" \/>\n\t<meta name=\"twitter:data1\" content=\"Patri\" \/>\n\t<meta name=\"twitter:label2\" content=\"Tiempo de lectura\" \/>\n\t<meta name=\"twitter:data2\" content=\"3 minutos\" \/>\n<script type=\"application\/ld+json\" class=\"yoast-schema-graph\">{\"@context\":\"https:\/\/schema.org\",\"@graph\":[{\"@type\":\"Article\",\"@id\":\"https:\/\/fugadosalcatraz.com\/fugados-de-alcatraz-un-grup-de-versions-musicals-amb-cor\/#article\",\"isPartOf\":{\"@id\":\"https:\/\/fugadosalcatraz.com\/fugados-de-alcatraz-un-grup-de-versions-musicals-amb-cor\/\"},\"author\":{\"name\":\"Patri\",\"@id\":\"https:\/\/fugadosalcatraz.com\/#\/schema\/person\/a5d5d7e45c2335d5bac023cf47687e2c\"},\"headline\":\"Fugados de Alcatraz: un drup de versions musicals amb cor\",\"datePublished\":\"2024-07-01T09:40:26+00:00\",\"dateModified\":\"2024-10-01T09:23:37+00:00\",\"mainEntityOfPage\":{\"@id\":\"https:\/\/fugadosalcatraz.com\/fugados-de-alcatraz-un-grup-de-versions-musicals-amb-cor\/\"},\"wordCount\":394,\"publisher\":{\"@id\":\"https:\/\/fugadosalcatraz.com\/#organization\"},\"image\":{\"@id\":\"https:\/\/fugadosalcatraz.com\/fugados-de-alcatraz-un-grup-de-versions-musicals-amb-cor\/#primaryimage\"},\"thumbnailUrl\":\"https:\/\/fugadosalcatraz.com\/wp-content\/uploads\/2024\/07\/grup-de-versions-musicals.jpg\",\"articleSection\":[\"Noticias\"],\"inLanguage\":\"es\"},{\"@type\":\"WebPage\",\"@id\":\"https:\/\/fugadosalcatraz.com\/fugados-de-alcatraz-un-grup-de-versions-musicals-amb-cor\/\",\"url\":\"https:\/\/fugadosalcatraz.com\/fugados-de-alcatraz-un-grup-de-versions-musicals-amb-cor\/\",\"name\":\"Fugados de Alcatraz: un drup de versions musicals amb cor - Grupo de versiones\",\"isPartOf\":{\"@id\":\"https:\/\/fugadosalcatraz.com\/#website\"},\"primaryImageOfPage\":{\"@id\":\"https:\/\/fugadosalcatraz.com\/fugados-de-alcatraz-un-grup-de-versions-musicals-amb-cor\/#primaryimage\"},\"image\":{\"@id\":\"https:\/\/fugadosalcatraz.com\/fugados-de-alcatraz-un-grup-de-versions-musicals-amb-cor\/#primaryimage\"},\"thumbnailUrl\":\"https:\/\/fugadosalcatraz.com\/wp-content\/uploads\/2024\/07\/grup-de-versions-musicals.jpg\",\"datePublished\":\"2024-07-01T09:40:26+00:00\",\"dateModified\":\"2024-10-01T09:23:37+00:00\",\"description\":\"\\\"AIRE\\\", la can\u00e7\u00f3 oficial de l\u2019Hospital Vall d\u2019Hebr\u00f3n de Barcelona, simbolitzant esperan\u00e7a i resili\u00e8ncia per a la comunitat hospital\u00e0ria\",\"breadcrumb\":{\"@id\":\"https:\/\/fugadosalcatraz.com\/fugados-de-alcatraz-un-grup-de-versions-musicals-amb-cor\/#breadcrumb\"},\"inLanguage\":\"es\",\"potentialAction\":[{\"@type\":\"ReadAction\",\"target\":[\"https:\/\/fugadosalcatraz.com\/fugados-de-alcatraz-un-grup-de-versions-musicals-amb-cor\/\"]}]},{\"@type\":\"ImageObject\",\"inLanguage\":\"es\",\"@id\":\"https:\/\/fugadosalcatraz.com\/fugados-de-alcatraz-un-grup-de-versions-musicals-amb-cor\/#primaryimage\",\"url\":\"https:\/\/fugadosalcatraz.com\/wp-content\/uploads\/2024\/07\/grup-de-versions-musicals.jpg\",\"contentUrl\":\"https:\/\/fugadosalcatraz.com\/wp-content\/uploads\/2024\/07\/grup-de-versions-musicals.jpg\",\"width\":940,\"height\":788,\"caption\":\"actuaci\u00f3 Pavell\u00f3 Ol\u00edmpic de Fugados de Alcatraz\"},{\"@type\":\"BreadcrumbList\",\"@id\":\"https:\/\/fugadosalcatraz.com\/fugados-de-alcatraz-un-grup-de-versions-musicals-amb-cor\/#breadcrumb\",\"itemListElement\":[{\"@type\":\"ListItem\",\"position\":1,\"name\":\"Inici\",\"item\":\"https:\/\/fugadosalcatraz.com\/\"},{\"@type\":\"ListItem\",\"position\":2,\"name\":\"Fugados de Alcatraz: un drup de versions musicals amb cor\"}]},{\"@type\":\"WebSite\",\"@id\":\"https:\/\/fugadosalcatraz.com\/#website\",\"url\":\"https:\/\/fugadosalcatraz.com\/\",\"name\":\"Grupo de versiones\",\"description\":\"Fugados de Alcatraz\",\"publisher\":{\"@id\":\"https:\/\/fugadosalcatraz.com\/#organization\"},\"potentialAction\":[{\"@type\":\"SearchAction\",\"target\":{\"@type\":\"EntryPoint\",\"urlTemplate\":\"https:\/\/fugadosalcatraz.com\/?s={search_term_string}\"},\"query-input\":{\"@type\":\"PropertyValueSpecification\",\"valueRequired\":true,\"valueName\":\"search_term_string\"}}],\"inLanguage\":\"es\"},{\"@type\":\"Organization\",\"@id\":\"https:\/\/fugadosalcatraz.com\/#organization\",\"name\":\"Grupo de versiones\",\"url\":\"https:\/\/fugadosalcatraz.com\/\",\"logo\":{\"@type\":\"ImageObject\",\"inLanguage\":\"es\",\"@id\":\"https:\/\/fugadosalcatraz.com\/#\/schema\/logo\/image\/\",\"url\":\"https:\/\/fugadosalcatraz.com\/wp-content\/uploads\/2024\/01\/FUGADOS-logo.png\",\"contentUrl\":\"https:\/\/fugadosalcatraz.com\/wp-content\/uploads\/2024\/01\/FUGADOS-logo.png\",\"width\":1200,\"height\":466,\"caption\":\"Grupo de versiones\"},\"image\":{\"@id\":\"https:\/\/fugadosalcatraz.com\/#\/schema\/logo\/image\/\"}},{\"@type\":\"Person\",\"@id\":\"https:\/\/fugadosalcatraz.com\/#\/schema\/person\/a5d5d7e45c2335d5bac023cf47687e2c\",\"name\":\"Patri\",\"url\":\"https:\/\/fugadosalcatraz.com\/es\/author\/patri\/\"}]}<\/script>\n<!-- \/ Yoast SEO plugin. -->","yoast_head_json":{"title":"Fugados de Alcatraz: un drup de versions musicals amb cor - Grupo de versiones","description":"\"AIRE\", la can\u00e7\u00f3 oficial de l\u2019Hospital Vall d\u2019Hebr\u00f3n de Barcelona, simbolitzant esperan\u00e7a i resili\u00e8ncia per a la comunitat hospital\u00e0ria","robots":{"index":"index","follow":"follow","max-snippet":"max-snippet:-1","max-image-preview":"max-image-preview:large","max-video-preview":"max-video-preview:-1"},"canonical":"https:\/\/fugadosalcatraz.com\/es\/fugados-de-alcatraz-un-grup-de-versions-musicals-amb-cor\/","og_locale":"es_ES","og_type":"article","og_title":"Fugados de Alcatraz: un drup de versions musicals amb cor - Grupo de versiones","og_description":"\"AIRE\", la can\u00e7\u00f3 oficial de l\u2019Hospital Vall d\u2019Hebr\u00f3n de Barcelona, simbolitzant esperan\u00e7a i resili\u00e8ncia per a la comunitat hospital\u00e0ria","og_url":"https:\/\/fugadosalcatraz.com\/es\/fugados-de-alcatraz-un-grup-de-versions-musicals-amb-cor\/","og_site_name":"Grupo de versiones","article_published_time":"2024-07-01T09:40:26+00:00","article_modified_time":"2024-10-01T09:23:37+00:00","og_image":[{"width":940,"height":788,"url":"https:\/\/fugadosalcatraz.com\/wp-content\/uploads\/2024\/07\/grup-de-versions-musicals.jpg","type":"image\/jpeg"}],"author":"Patri","twitter_card":"summary_large_image","twitter_misc":{"Escrito por":"Patri","Tiempo de lectura":"3 minutos"},"schema":{"@context":"https:\/\/schema.org","@graph":[{"@type":"Article","@id":"https:\/\/fugadosalcatraz.com\/fugados-de-alcatraz-un-grup-de-versions-musicals-amb-cor\/#article","isPartOf":{"@id":"https:\/\/fugadosalcatraz.com\/fugados-de-alcatraz-un-grup-de-versions-musicals-amb-cor\/"},"author":{"name":"Patri","@id":"https:\/\/fugadosalcatraz.com\/#\/schema\/person\/a5d5d7e45c2335d5bac023cf47687e2c"},"headline":"Fugados de Alcatraz: un drup de versions musicals amb cor","datePublished":"2024-07-01T09:40:26+00:00","dateModified":"2024-10-01T09:23:37+00:00","mainEntityOfPage":{"@id":"https:\/\/fugadosalcatraz.com\/fugados-de-alcatraz-un-grup-de-versions-musicals-amb-cor\/"},"wordCount":394,"publisher":{"@id":"https:\/\/fugadosalcatraz.com\/#organization"},"image":{"@id":"https:\/\/fugadosalcatraz.com\/fugados-de-alcatraz-un-grup-de-versions-musicals-amb-cor\/#primaryimage"},"thumbnailUrl":"https:\/\/fugadosalcatraz.com\/wp-content\/uploads\/2024\/07\/grup-de-versions-musicals.jpg","articleSection":["Noticias"],"inLanguage":"es"},{"@type":"WebPage","@id":"https:\/\/fugadosalcatraz.com\/fugados-de-alcatraz-un-grup-de-versions-musicals-amb-cor\/","url":"https:\/\/fugadosalcatraz.com\/fugados-de-alcatraz-un-grup-de-versions-musicals-amb-cor\/","name":"Fugados de Alcatraz: un drup de versions musicals amb cor - Grupo de versiones","isPartOf":{"@id":"https:\/\/fugadosalcatraz.com\/#website"},"primaryImageOfPage":{"@id":"https:\/\/fugadosalcatraz.com\/fugados-de-alcatraz-un-grup-de-versions-musicals-amb-cor\/#primaryimage"},"image":{"@id":"https:\/\/fugadosalcatraz.com\/fugados-de-alcatraz-un-grup-de-versions-musicals-amb-cor\/#primaryimage"},"thumbnailUrl":"https:\/\/fugadosalcatraz.com\/wp-content\/uploads\/2024\/07\/grup-de-versions-musicals.jpg","datePublished":"2024-07-01T09:40:26+00:00","dateModified":"2024-10-01T09:23:37+00:00","description":"\"AIRE\", la can\u00e7\u00f3 oficial de l\u2019Hospital Vall d\u2019Hebr\u00f3n de Barcelona, simbolitzant esperan\u00e7a i resili\u00e8ncia per a la comunitat hospital\u00e0ria","breadcrumb":{"@id":"https:\/\/fugadosalcatraz.com\/fugados-de-alcatraz-un-grup-de-versions-musicals-amb-cor\/#breadcrumb"},"inLanguage":"es","potentialAction":[{"@type":"ReadAction","target":["https:\/\/fugadosalcatraz.com\/fugados-de-alcatraz-un-grup-de-versions-musicals-amb-cor\/"]}]},{"@type":"ImageObject","inLanguage":"es","@id":"https:\/\/fugadosalcatraz.com\/fugados-de-alcatraz-un-grup-de-versions-musicals-amb-cor\/#primaryimage","url":"https:\/\/fugadosalcatraz.com\/wp-content\/uploads\/2024\/07\/grup-de-versions-musicals.jpg","contentUrl":"https:\/\/fugadosalcatraz.com\/wp-content\/uploads\/2024\/07\/grup-de-versions-musicals.jpg","width":940,"height":788,"caption":"actuaci\u00f3 Pavell\u00f3 Ol\u00edmpic de Fugados de Alcatraz"},{"@type":"BreadcrumbList","@id":"https:\/\/fugadosalcatraz.com\/fugados-de-alcatraz-un-grup-de-versions-musicals-amb-cor\/#breadcrumb","itemListElement":[{"@type":"ListItem","position":1,"name":"Inici","item":"https:\/\/fugadosalcatraz.com\/"},{"@type":"ListItem","position":2,"name":"Fugados de Alcatraz: un drup de versions musicals amb cor"}]},{"@type":"WebSite","@id":"https:\/\/fugadosalcatraz.com\/#website","url":"https:\/\/fugadosalcatraz.com\/","name":"Grupo de versiones","description":"Fugados de Alcatraz","publisher":{"@id":"https:\/\/fugadosalcatraz.com\/#organization"},"potentialAction":[{"@type":"SearchAction","target":{"@type":"EntryPoint","urlTemplate":"https:\/\/fugadosalcatraz.com\/?s={search_term_string}"},"query-input":{"@type":"PropertyValueSpecification","valueRequired":true,"valueName":"search_term_string"}}],"inLanguage":"es"},{"@type":"Organization","@id":"https:\/\/fugadosalcatraz.com\/#organization","name":"Grupo de versiones","url":"https:\/\/fugadosalcatraz.com\/","logo":{"@type":"ImageObject","inLanguage":"es","@id":"https:\/\/fugadosalcatraz.com\/#\/schema\/logo\/image\/","url":"https:\/\/fugadosalcatraz.com\/wp-content\/uploads\/2024\/01\/FUGADOS-logo.png","contentUrl":"https:\/\/fugadosalcatraz.com\/wp-content\/uploads\/2024\/01\/FUGADOS-logo.png","width":1200,"height":466,"caption":"Grupo de versiones"},"image":{"@id":"https:\/\/fugadosalcatraz.com\/#\/schema\/logo\/image\/"}},{"@type":"Person","@id":"https:\/\/fugadosalcatraz.com\/#\/schema\/person\/a5d5d7e45c2335d5bac023cf47687e2c","name":"Patri","url":"https:\/\/fugadosalcatraz.com\/es\/author\/patri\/"}]}},"taxonomy_info":{"category":[{"value":1,"label":"Noticias"}]},"featured_image_src_large":["https:\/\/fugadosalcatraz.com\/wp-content\/uploads\/2024\/07\/grup-de-versions-musicals.jpg",940,788,false],"author_info":{"display_name":"Patri","author_link":"https:\/\/fugadosalcatraz.com\/es\/author\/patri\/"},"comment_info":0,"category_info":[{"term_id":1,"name":"Noticias","slug":"noticias","term_group":0,"term_taxonomy_id":1,"taxonomy":"category","description":"","parent":0,"count":31,"filter":"raw","cat_ID":1,"category_count":31,"category_description":"","cat_name":"Noticias","category_nicename":"noticias","category_parent":0}],"tag_info":false,"_links":{"self":[{"href":"https:\/\/fugadosalcatraz.com\/es\/wp-json\/wp\/v2\/posts\/2107","targetHints":{"allow":["GET"]}}],"collection":[{"href":"https:\/\/fugadosalcatraz.com\/es\/wp-json\/wp\/v2\/posts"}],"about":[{"href":"https:\/\/fugadosalcatraz.com\/es\/wp-json\/wp\/v2\/types\/post"}],"author":[{"embeddable":true,"href":"https:\/\/fugadosalcatraz.com\/es\/wp-json\/wp\/v2\/users\/4"}],"replies":[{"embeddable":true,"href":"https:\/\/fugadosalcatraz.com\/es\/wp-json\/wp\/v2\/comments?post=2107"}],"version-history":[{"count":4,"href":"https:\/\/fugadosalcatraz.com\/es\/wp-json\/wp\/v2\/posts\/2107\/revisions"}],"predecessor-version":[{"id":2249,"href":"https:\/\/fugadosalcatraz.com\/es\/wp-json\/wp\/v2\/posts\/2107\/revisions\/2249"}],"wp:featuredmedia":[{"embeddable":true,"href":"https:\/\/fugadosalcatraz.com\/es\/wp-json\/wp\/v2\/media\/2108"}],"wp:attachment":[{"href":"https:\/\/fugadosalcatraz.com\/es\/wp-json\/wp\/v2\/media?parent=2107"}],"wp:term":[{"taxonomy":"category","embeddable":true,"href":"https:\/\/fugadosalcatraz.com\/es\/wp-json\/wp\/v2\/categories?post=2107"},{"taxonomy":"post_tag","embeddable":true,"href":"https:\/\/fugadosalcatraz.com\/es\/wp-json\/wp\/v2\/tags?post=2107"}],"curies":[{"name":"wp","href":"https:\/\/api.w.org\/{rel}","templated":true}]}}